{"id":408,"date":"2019-11-13T21:47:08","date_gmt":"2019-11-13T20:47:08","guid":{"rendered":"http:\/\/les-roseaux.fr\/?p=408"},"modified":"2019-11-13T21:47:32","modified_gmt":"2019-11-13T20:47:32","slug":"30-11-marche-de-noel-de-lecole","status":"publish","type":"post","link":"https:\/\/les-roseaux.fr\/index.php\/2019\/11\/13\/30-11-marche-de-noel-de-lecole\/","title":{"rendered":"\ud83d\udcc530\/11 March\u00e9 de No\u00ebl de l&#8217;\u00e9cole !"},"content":{"rendered":"\n<figure class=\"wp-block-image\"><img fetchpriority=\"high\" decoding=\"async\" width=\"1024\" height=\"536\" src=\"http:\/\/les-roseaux.fr\/wp-content\/uploads\/2019\/11\/face-1024x536.jpg\" alt=\"\" class=\"wp-image-409\" srcset=\"https:\/\/les-roseaux.fr\/wp-content\/uploads\/2019\/11\/face-1024x536.jpg 1024w, https:\/\/les-roseaux.fr\/wp-content\/uploads\/2019\/11\/face-300x157.jpg 300w, https:\/\/les-roseaux.fr\/wp-content\/uploads\/2019\/11\/face-768x402.jpg 768w, https:\/\/les-roseaux.fr\/wp-content\/uploads\/2019\/11\/face.jpg 1200w\" sizes=\"(max-width: 1024px) 100vw, 1024px\" \/><\/figure>\n\n\n\n<p> Venez nombreux soutenir les petits roseaux dans la cour de l&#8217;\u00e9cole dans une ambiance festive et joyeuse :<br>  &#8211; Vente de couronnes de l&#8217;avent et d\u00e9coration de No\u00ebl<br>  &#8211; Petite restauration et boissons chaudes<br>  &#8211; Lectures de contes<br> N&#8217;h\u00e9sitez pas \u00e0 partager avec vos proches !&nbsp;&nbsp; <\/p>\n\n\n\n<figure class=\"wp-block-image\"><img decoding=\"async\" width=\"735\" height=\"1024\" data-src=\"http:\/\/les-roseaux.fr\/wp-content\/uploads\/2019\/11\/flyer_noel_2019_A4-735x1024.jpg\" alt=\"\" class=\"wp-image-410 lazyload\" data-srcset=\"https:\/\/les-roseaux.fr\/wp-content\/uploads\/2019\/11\/flyer_noel_2019_A4-735x1024.jpg 735w, https:\/\/les-roseaux.fr\/wp-content\/uploads\/2019\/11\/flyer_noel_2019_A4-215x300.jpg 215w, https:\/\/les-roseaux.fr\/wp-content\/uploads\/2019\/11\/flyer_noel_2019_A4-768x1070.jpg 768w, https:\/\/les-roseaux.fr\/wp-content\/uploads\/2019\/11\/flyer_noel_2019_A4.jpg 1470w\" data-sizes=\"(max-width: 735px) 100vw, 735px\" src=\"data:image\/svg+xml;base64,PHN2ZyB3aWR0aD0iMSIgaGVpZ2h0PSIxIiB4bWxucz0iaHR0cDovL3d3dy53My5vcmcvMjAwMC9zdmciPjwvc3ZnPg==\" style=\"--smush-placeholder-width: 735px; --smush-placeholder-aspect-ratio: 735\/1024;\" \/><\/figure>\n\n\n\n<p><\/p>\n","protected":false},"excerpt":{"rendered":"<p>Venez nombreux soutenir les petits roseaux dans la cour de l&#8217;\u00e9cole dans une ambiance festive et joyeuse : &#8211; Vente de couronnes de l&#8217;avent et d\u00e9coration de No\u00ebl &#8211; Petite restauration et boissons chaudes &#8211; Lectures de contes N&#8217;h\u00e9sitez pas \u00e0 partager avec vos proches !&nbsp;&nbsp;<\/p>\n","protected":false},"author":2,"featured_media":409,"comment_status":"open","ping_status":"open","sticky":false,"template":"","format":"standard","meta":{"_bbp_topic_count":0,"_bbp_reply_count":0,"_bbp_total_topic_count":0,"_bbp_total_reply_count":0,"_bbp_voice_count":0,"_bbp_anonymous_reply_count":0,"_bbp_topic_count_hidden":0,"_bbp_reply_count_hidden":0,"_bbp_forum_subforum_count":0,"footnotes":""},"categories":[10,1],"tags":[],"yoast_head":"<!-- This site is optimized with the Yoast SEO plugin v23.5 - https:\/\/yoast.com\/wordpress\/plugins\/seo\/ -->\n<title>\ud83d\udcc530\/11 March\u00e9 de No\u00ebl de l&#039;\u00e9cole ! - Les Roseaux<\/title>\n<meta name=\"robots\" content=\"index, follow, max-snippet:-1, max-image-preview:large, max-video-preview:-1\" \/>\n<link rel=\"canonical\" href=\"https:\/\/les-roseaux.fr\/index.php\/2019\/11\/13\/30-11-marche-de-noel-de-lecole\/\" \/>\n<meta property=\"og:locale\" content=\"fr_FR\" \/>\n<meta property=\"og:type\" content=\"article\" \/>\n<meta property=\"og:title\" content=\"\ud83d\udcc530\/11 March\u00e9 de No\u00ebl de l&#039;\u00e9cole ! - Les Roseaux\" \/>\n<meta property=\"og:description\" content=\"Venez nombreux soutenir les petits roseaux dans la cour de l&#8217;\u00e9cole dans une ambiance festive et joyeuse : &#8211; Vente de couronnes de l&#8217;avent et d\u00e9coration de No\u00ebl &#8211; Petite restauration et boissons chaudes &#8211; Lectures de contes N&#8217;h\u00e9sitez pas \u00e0 partager avec vos proches !&nbsp;&nbsp;\" \/>\n<meta property=\"og:url\" content=\"https:\/\/les-roseaux.fr\/index.php\/2019\/11\/13\/30-11-marche-de-noel-de-lecole\/\" \/>\n<meta property=\"og:site_name\" content=\"Les Roseaux\" \/>\n<meta property=\"article:publisher\" content=\"https:\/\/www.facebook.com\/ecoleLesRoseaux\/\" \/>\n<meta property=\"article:author\" content=\"https:\/\/www.facebook.com\/jerome.moly\" \/>\n<meta property=\"article:published_time\" content=\"2019-11-13T20:47:08+00:00\" \/>\n<meta property=\"article:modified_time\" content=\"2019-11-13T20:47:32+00:00\" \/>\n<meta property=\"og:image\" content=\"https:\/\/les-roseaux.fr\/wp-content\/uploads\/2019\/11\/face.jpg\" \/>\n\t<meta property=\"og:image:width\" content=\"1200\" \/>\n\t<meta property=\"og:image:height\" content=\"628\" \/>\n\t<meta property=\"og:image:type\" content=\"image\/jpeg\" \/>\n<meta name=\"author\" content=\"J\u00e9r\u00f4me Moly\" \/>\n<meta name=\"twitter:card\" content=\"summary_large_image\" \/>\n<meta name=\"twitter:creator\" content=\"@https:\/\/twitter.com\/JeromeMoly\" \/>\n<meta name=\"twitter:label1\" content=\"\u00c9crit par\" \/>\n\t<meta name=\"twitter:data1\" content=\"J\u00e9r\u00f4me Moly\" \/>\n<script type=\"application\/ld+json\" class=\"yoast-schema-graph\">{\"@context\":\"https:\/\/schema.org\",\"@graph\":[{\"@type\":\"Article\",\"@id\":\"https:\/\/les-roseaux.fr\/index.php\/2019\/11\/13\/30-11-marche-de-noel-de-lecole\/#article\",\"isPartOf\":{\"@id\":\"https:\/\/les-roseaux.fr\/index.php\/2019\/11\/13\/30-11-marche-de-noel-de-lecole\/\"},\"author\":{\"name\":\"J\u00e9r\u00f4me Moly\",\"@id\":\"https:\/\/les-roseaux.fr\/#\/schema\/person\/2507e3456361288fd21a03c91c56754c\"},\"headline\":\"\ud83d\udcc530\/11 March\u00e9 de No\u00ebl de l&#8217;\u00e9cole !\",\"datePublished\":\"2019-11-13T20:47:08+00:00\",\"dateModified\":\"2019-11-13T20:47:32+00:00\",\"mainEntityOfPage\":{\"@id\":\"https:\/\/les-roseaux.fr\/index.php\/2019\/11\/13\/30-11-marche-de-noel-de-lecole\/\"},\"wordCount\":56,\"commentCount\":0,\"publisher\":{\"@id\":\"https:\/\/les-roseaux.fr\/#organization\"},\"image\":{\"@id\":\"https:\/\/les-roseaux.fr\/index.php\/2019\/11\/13\/30-11-marche-de-noel-de-lecole\/#primaryimage\"},\"thumbnailUrl\":\"https:\/\/les-roseaux.fr\/wp-content\/uploads\/2019\/11\/face.jpg\",\"articleSection\":[\"\u00c9cole\"],\"inLanguage\":\"fr-FR\",\"potentialAction\":[{\"@type\":\"CommentAction\",\"name\":\"Comment\",\"target\":[\"https:\/\/les-roseaux.fr\/index.php\/2019\/11\/13\/30-11-marche-de-noel-de-lecole\/#respond\"]}]},{\"@type\":\"WebPage\",\"@id\":\"https:\/\/les-roseaux.fr\/index.php\/2019\/11\/13\/30-11-marche-de-noel-de-lecole\/\",\"url\":\"https:\/\/les-roseaux.fr\/index.php\/2019\/11\/13\/30-11-marche-de-noel-de-lecole\/\",\"name\":\"\ud83d\udcc530\/11 March\u00e9 de No\u00ebl de l'\u00e9cole ! - Les Roseaux\",\"isPartOf\":{\"@id\":\"https:\/\/les-roseaux.fr\/#website\"},\"primaryImageOfPage\":{\"@id\":\"https:\/\/les-roseaux.fr\/index.php\/2019\/11\/13\/30-11-marche-de-noel-de-lecole\/#primaryimage\"},\"image\":{\"@id\":\"https:\/\/les-roseaux.fr\/index.php\/2019\/11\/13\/30-11-marche-de-noel-de-lecole\/#primaryimage\"},\"thumbnailUrl\":\"https:\/\/les-roseaux.fr\/wp-content\/uploads\/2019\/11\/face.jpg\",\"datePublished\":\"2019-11-13T20:47:08+00:00\",\"dateModified\":\"2019-11-13T20:47:32+00:00\",\"breadcrumb\":{\"@id\":\"https:\/\/les-roseaux.fr\/index.php\/2019\/11\/13\/30-11-marche-de-noel-de-lecole\/#breadcrumb\"},\"inLanguage\":\"fr-FR\",\"potentialAction\":[{\"@type\":\"ReadAction\",\"target\":[\"https:\/\/les-roseaux.fr\/index.php\/2019\/11\/13\/30-11-marche-de-noel-de-lecole\/\"]}]},{\"@type\":\"ImageObject\",\"inLanguage\":\"fr-FR\",\"@id\":\"https:\/\/les-roseaux.fr\/index.php\/2019\/11\/13\/30-11-marche-de-noel-de-lecole\/#primaryimage\",\"url\":\"https:\/\/les-roseaux.fr\/wp-content\/uploads\/2019\/11\/face.jpg\",\"contentUrl\":\"https:\/\/les-roseaux.fr\/wp-content\/uploads\/2019\/11\/face.jpg\",\"width\":1200,\"height\":628},{\"@type\":\"BreadcrumbList\",\"@id\":\"https:\/\/les-roseaux.fr\/index.php\/2019\/11\/13\/30-11-marche-de-noel-de-lecole\/#breadcrumb\",\"itemListElement\":[{\"@type\":\"ListItem\",\"position\":1,\"name\":\"Accueil\",\"item\":\"https:\/\/les-roseaux.fr\/\"},{\"@type\":\"ListItem\",\"position\":2,\"name\":\"\ud83d\udcc530\/11 March\u00e9 de No\u00ebl de l&#8217;\u00e9cole !\"}]},{\"@type\":\"WebSite\",\"@id\":\"https:\/\/les-roseaux.fr\/#website\",\"url\":\"https:\/\/les-roseaux.fr\/\",\"name\":\"Les Roseaux\",\"description\":\"Ecole alternative d&#039;inspiration Montessori\",\"publisher\":{\"@id\":\"https:\/\/les-roseaux.fr\/#organization\"},\"potentialAction\":[{\"@type\":\"SearchAction\",\"target\":{\"@type\":\"EntryPoint\",\"urlTemplate\":\"https:\/\/les-roseaux.fr\/?s={search_term_string}\"},\"query-input\":{\"@type\":\"PropertyValueSpecification\",\"valueRequired\":true,\"valueName\":\"search_term_string\"}}],\"inLanguage\":\"fr-FR\"},{\"@type\":\"Organization\",\"@id\":\"https:\/\/les-roseaux.fr\/#organization\",\"name\":\"Les roseaux\",\"url\":\"https:\/\/les-roseaux.fr\/\",\"logo\":{\"@type\":\"ImageObject\",\"inLanguage\":\"fr-FR\",\"@id\":\"https:\/\/les-roseaux.fr\/#\/schema\/logo\/image\/\",\"url\":\"http:\/\/les-roseaux.fr\/wp-content\/uploads\/2024\/01\/logo.png\",\"contentUrl\":\"http:\/\/les-roseaux.fr\/wp-content\/uploads\/2024\/01\/logo.png\",\"width\":768,\"height\":388,\"caption\":\"Les roseaux\"},\"image\":{\"@id\":\"https:\/\/les-roseaux.fr\/#\/schema\/logo\/image\/\"},\"sameAs\":[\"https:\/\/www.facebook.com\/ecoleLesRoseaux\/\",\"https:\/\/www.instagram.com\/ecole_les_roseaux\"]},{\"@type\":\"Person\",\"@id\":\"https:\/\/les-roseaux.fr\/#\/schema\/person\/2507e3456361288fd21a03c91c56754c\",\"name\":\"J\u00e9r\u00f4me Moly\",\"image\":{\"@type\":\"ImageObject\",\"inLanguage\":\"fr-FR\",\"@id\":\"https:\/\/les-roseaux.fr\/#\/schema\/person\/image\/\",\"url\":\"https:\/\/secure.gravatar.com\/avatar\/447deda5c9660978369b5052c4144f0e?s=96&d=mm&r=g\",\"contentUrl\":\"https:\/\/secure.gravatar.com\/avatar\/447deda5c9660978369b5052c4144f0e?s=96&d=mm&r=g\",\"caption\":\"J\u00e9r\u00f4me Moly\"},\"description\":\"Papa de Violette, co-pr\u00e9sident, directeur adjoint b\u00e9n\u00e9vole, geek, et des fois je dors \ud83d\ude42\",\"sameAs\":[\"https:\/\/www.facebook.com\/jerome.moly\",\"https:\/\/www.linkedin.com\/in\/jmoly\/\",\"https:\/\/x.com\/https:\/\/twitter.com\/JeromeMoly\"],\"url\":\"https:\/\/les-roseaux.fr\/index.php\/author\/jerome\/\"}]}<\/script>\n<!-- \/ Yoast SEO plugin. -->","yoast_head_json":{"title":"\ud83d\udcc530\/11 March\u00e9 de No\u00ebl de l'\u00e9cole ! - Les Roseaux","robots":{"index":"index","follow":"follow","max-snippet":"max-snippet:-1","max-image-preview":"max-image-preview:large","max-video-preview":"max-video-preview:-1"},"canonical":"https:\/\/les-roseaux.fr\/index.php\/2019\/11\/13\/30-11-marche-de-noel-de-lecole\/","og_locale":"fr_FR","og_type":"article","og_title":"\ud83d\udcc530\/11 March\u00e9 de No\u00ebl de l'\u00e9cole ! - Les Roseaux","og_description":"Venez nombreux soutenir les petits roseaux dans la cour de l&#8217;\u00e9cole dans une ambiance festive et joyeuse : &#8211; Vente de couronnes de l&#8217;avent et d\u00e9coration de No\u00ebl &#8211; Petite restauration et boissons chaudes &#8211; Lectures de contes N&#8217;h\u00e9sitez pas \u00e0 partager avec vos proches !&nbsp;&nbsp;","og_url":"https:\/\/les-roseaux.fr\/index.php\/2019\/11\/13\/30-11-marche-de-noel-de-lecole\/","og_site_name":"Les Roseaux","article_publisher":"https:\/\/www.facebook.com\/ecoleLesRoseaux\/","article_author":"https:\/\/www.facebook.com\/jerome.moly","article_published_time":"2019-11-13T20:47:08+00:00","article_modified_time":"2019-11-13T20:47:32+00:00","og_image":[{"width":1200,"height":628,"url":"https:\/\/les-roseaux.fr\/wp-content\/uploads\/2019\/11\/face.jpg","type":"image\/jpeg"}],"author":"J\u00e9r\u00f4me Moly","twitter_card":"summary_large_image","twitter_creator":"@https:\/\/twitter.com\/JeromeMoly","twitter_misc":{"\u00c9crit par":"J\u00e9r\u00f4me Moly"},"schema":{"@context":"https:\/\/schema.org","@graph":[{"@type":"Article","@id":"https:\/\/les-roseaux.fr\/index.php\/2019\/11\/13\/30-11-marche-de-noel-de-lecole\/#article","isPartOf":{"@id":"https:\/\/les-roseaux.fr\/index.php\/2019\/11\/13\/30-11-marche-de-noel-de-lecole\/"},"author":{"name":"J\u00e9r\u00f4me Moly","@id":"https:\/\/les-roseaux.fr\/#\/schema\/person\/2507e3456361288fd21a03c91c56754c"},"headline":"\ud83d\udcc530\/11 March\u00e9 de No\u00ebl de l&#8217;\u00e9cole !","datePublished":"2019-11-13T20:47:08+00:00","dateModified":"2019-11-13T20:47:32+00:00","mainEntityOfPage":{"@id":"https:\/\/les-roseaux.fr\/index.php\/2019\/11\/13\/30-11-marche-de-noel-de-lecole\/"},"wordCount":56,"commentCount":0,"publisher":{"@id":"https:\/\/les-roseaux.fr\/#organization"},"image":{"@id":"https:\/\/les-roseaux.fr\/index.php\/2019\/11\/13\/30-11-marche-de-noel-de-lecole\/#primaryimage"},"thumbnailUrl":"https:\/\/les-roseaux.fr\/wp-content\/uploads\/2019\/11\/face.jpg","articleSection":["\u00c9cole"],"inLanguage":"fr-FR","potentialAction":[{"@type":"CommentAction","name":"Comment","target":["https:\/\/les-roseaux.fr\/index.php\/2019\/11\/13\/30-11-marche-de-noel-de-lecole\/#respond"]}]},{"@type":"WebPage","@id":"https:\/\/les-roseaux.fr\/index.php\/2019\/11\/13\/30-11-marche-de-noel-de-lecole\/","url":"https:\/\/les-roseaux.fr\/index.php\/2019\/11\/13\/30-11-marche-de-noel-de-lecole\/","name":"\ud83d\udcc530\/11 March\u00e9 de No\u00ebl de l'\u00e9cole ! - Les Roseaux","isPartOf":{"@id":"https:\/\/les-roseaux.fr\/#website"},"primaryImageOfPage":{"@id":"https:\/\/les-roseaux.fr\/index.php\/2019\/11\/13\/30-11-marche-de-noel-de-lecole\/#primaryimage"},"image":{"@id":"https:\/\/les-roseaux.fr\/index.php\/2019\/11\/13\/30-11-marche-de-noel-de-lecole\/#primaryimage"},"thumbnailUrl":"https:\/\/les-roseaux.fr\/wp-content\/uploads\/2019\/11\/face.jpg","datePublished":"2019-11-13T20:47:08+00:00","dateModified":"2019-11-13T20:47:32+00:00","breadcrumb":{"@id":"https:\/\/les-roseaux.fr\/index.php\/2019\/11\/13\/30-11-marche-de-noel-de-lecole\/#breadcrumb"},"inLanguage":"fr-FR","potentialAction":[{"@type":"ReadAction","target":["https:\/\/les-roseaux.fr\/index.php\/2019\/11\/13\/30-11-marche-de-noel-de-lecole\/"]}]},{"@type":"ImageObject","inLanguage":"fr-FR","@id":"https:\/\/les-roseaux.fr\/index.php\/2019\/11\/13\/30-11-marche-de-noel-de-lecole\/#primaryimage","url":"https:\/\/les-roseaux.fr\/wp-content\/uploads\/2019\/11\/face.jpg","contentUrl":"https:\/\/les-roseaux.fr\/wp-content\/uploads\/2019\/11\/face.jpg","width":1200,"height":628},{"@type":"BreadcrumbList","@id":"https:\/\/les-roseaux.fr\/index.php\/2019\/11\/13\/30-11-marche-de-noel-de-lecole\/#breadcrumb","itemListElement":[{"@type":"ListItem","position":1,"name":"Accueil","item":"https:\/\/les-roseaux.fr\/"},{"@type":"ListItem","position":2,"name":"\ud83d\udcc530\/11 March\u00e9 de No\u00ebl de l&#8217;\u00e9cole !"}]},{"@type":"WebSite","@id":"https:\/\/les-roseaux.fr\/#website","url":"https:\/\/les-roseaux.fr\/","name":"Les Roseaux","description":"Ecole alternative d&#039;inspiration Montessori","publisher":{"@id":"https:\/\/les-roseaux.fr\/#organization"},"potentialAction":[{"@type":"SearchAction","target":{"@type":"EntryPoint","urlTemplate":"https:\/\/les-roseaux.fr\/?s={search_term_string}"},"query-input":{"@type":"PropertyValueSpecification","valueRequired":true,"valueName":"search_term_string"}}],"inLanguage":"fr-FR"},{"@type":"Organization","@id":"https:\/\/les-roseaux.fr\/#organization","name":"Les roseaux","url":"https:\/\/les-roseaux.fr\/","logo":{"@type":"ImageObject","inLanguage":"fr-FR","@id":"https:\/\/les-roseaux.fr\/#\/schema\/logo\/image\/","url":"http:\/\/les-roseaux.fr\/wp-content\/uploads\/2024\/01\/logo.png","contentUrl":"http:\/\/les-roseaux.fr\/wp-content\/uploads\/2024\/01\/logo.png","width":768,"height":388,"caption":"Les roseaux"},"image":{"@id":"https:\/\/les-roseaux.fr\/#\/schema\/logo\/image\/"},"sameAs":["https:\/\/www.facebook.com\/ecoleLesRoseaux\/","https:\/\/www.instagram.com\/ecole_les_roseaux"]},{"@type":"Person","@id":"https:\/\/les-roseaux.fr\/#\/schema\/person\/2507e3456361288fd21a03c91c56754c","name":"J\u00e9r\u00f4me Moly","image":{"@type":"ImageObject","inLanguage":"fr-FR","@id":"https:\/\/les-roseaux.fr\/#\/schema\/person\/image\/","url":"https:\/\/secure.gravatar.com\/avatar\/447deda5c9660978369b5052c4144f0e?s=96&d=mm&r=g","contentUrl":"https:\/\/secure.gravatar.com\/avatar\/447deda5c9660978369b5052c4144f0e?s=96&d=mm&r=g","caption":"J\u00e9r\u00f4me Moly"},"description":"Papa de Violette, co-pr\u00e9sident, directeur adjoint b\u00e9n\u00e9vole, geek, et des fois je dors \ud83d\ude42","sameAs":["https:\/\/www.facebook.com\/jerome.moly","https:\/\/www.linkedin.com\/in\/jmoly\/","https:\/\/x.com\/https:\/\/twitter.com\/JeromeMoly"],"url":"https:\/\/les-roseaux.fr\/index.php\/author\/jerome\/"}]}},"_links":{"self":[{"href":"https:\/\/les-roseaux.fr\/index.php\/wp-json\/wp\/v2\/posts\/408"}],"collection":[{"href":"https:\/\/les-roseaux.fr\/index.php\/wp-json\/wp\/v2\/posts"}],"about":[{"href":"https:\/\/les-roseaux.fr\/index.php\/wp-json\/wp\/v2\/types\/post"}],"author":[{"embeddable":true,"href":"https:\/\/les-roseaux.fr\/index.php\/wp-json\/wp\/v2\/users\/2"}],"replies":[{"embeddable":true,"href":"https:\/\/les-roseaux.fr\/index.php\/wp-json\/wp\/v2\/comments?post=408"}],"version-history":[{"count":2,"href":"https:\/\/les-roseaux.fr\/index.php\/wp-json\/wp\/v2\/posts\/408\/revisions"}],"predecessor-version":[{"id":412,"href":"https:\/\/les-roseaux.fr\/index.php\/wp-json\/wp\/v2\/posts\/408\/revisions\/412"}],"wp:featuredmedia":[{"embeddable":true,"href":"https:\/\/les-roseaux.fr\/index.php\/wp-json\/wp\/v2\/media\/409"}],"wp:attachment":[{"href":"https:\/\/les-roseaux.fr\/index.php\/wp-json\/wp\/v2\/media?parent=408"}],"wp:term":[{"taxonomy":"category","embeddable":true,"href":"https:\/\/les-roseaux.fr\/index.php\/wp-json\/wp\/v2\/categories?post=408"},{"taxonomy":"post_tag","embeddable":true,"href":"https:\/\/les-roseaux.fr\/index.php\/wp-json\/wp\/v2\/tags?post=408"}],"curies":[{"name":"wp","href":"https:\/\/api.w.org\/{rel}","templated":true}]}}