{"id":258,"date":"2019-10-09T09:19:24","date_gmt":"2019-10-09T07:19:24","guid":{"rendered":"http:\/\/les-roseaux.fr\/?p=258"},"modified":"2019-10-17T10:08:38","modified_gmt":"2019-10-17T08:08:38","slug":"en-bref-et-en-photos","status":"publish","type":"post","link":"https:\/\/les-roseaux.fr\/index.php\/2019\/10\/09\/en-bref-et-en-photos\/","title":{"rendered":"En bref et en photos"},"content":{"rendered":"","protected":false},"excerpt":{"rendered":"","protected":false},"author":2,"featured_media":260,"comment_status":"open","ping_status":"open","sticky":false,"template":"","format":"image","meta":{"_bbp_topic_count":0,"_bbp_reply_count":0,"_bbp_total_topic_count":0,"_bbp_total_reply_count":0,"_bbp_voice_count":0,"_bbp_anonymous_reply_count":0,"_bbp_topic_count_hidden":0,"_bbp_reply_count_hidden":0,"_bbp_forum_subforum_count":0,"footnotes":""},"categories":[8],"tags":[],"yoast_head":"<!-- This site is optimized with the Yoast SEO plugin v23.5 - https:\/\/yoast.com\/wordpress\/plugins\/seo\/ -->\n<title>En bref et en photos - Les Roseaux<\/title>\n<meta name=\"robots\" content=\"index, follow, max-snippet:-1, max-image-preview:large, max-video-preview:-1\" \/>\n<link rel=\"canonical\" href=\"https:\/\/les-roseaux.fr\/index.php\/2019\/10\/09\/en-bref-et-en-photos\/\" \/>\n<meta property=\"og:locale\" content=\"fr_FR\" \/>\n<meta property=\"og:type\" content=\"article\" \/>\n<meta property=\"og:title\" content=\"En bref et en photos - Les Roseaux\" \/>\n<meta property=\"og:url\" content=\"https:\/\/les-roseaux.fr\/index.php\/2019\/10\/09\/en-bref-et-en-photos\/\" \/>\n<meta property=\"og:site_name\" content=\"Les Roseaux\" \/>\n<meta property=\"article:publisher\" content=\"https:\/\/www.facebook.com\/ecoleLesRoseaux\/\" \/>\n<meta property=\"article:author\" content=\"https:\/\/www.facebook.com\/jerome.moly\" \/>\n<meta property=\"article:published_time\" content=\"2019-10-09T07:19:24+00:00\" \/>\n<meta property=\"article:modified_time\" content=\"2019-10-17T08:08:38+00:00\" \/>\n<meta property=\"og:image\" content=\"https:\/\/les-roseaux.fr\/wp-content\/uploads\/2019\/10\/20191007_092101513_iOS-1024x768.jpg\" \/>\n<meta name=\"author\" content=\"J\u00e9r\u00f4me Moly\" \/>\n<meta name=\"twitter:card\" content=\"summary_large_image\" \/>\n<meta name=\"twitter:creator\" content=\"@https:\/\/twitter.com\/JeromeMoly\" \/>\n<meta name=\"twitter:label1\" content=\"\u00c9crit par\" \/>\n\t<meta name=\"twitter:data1\" content=\"J\u00e9r\u00f4me Moly\" \/>\n<script type=\"application\/ld+json\" class=\"yoast-schema-graph\">{\"@context\":\"https:\/\/schema.org\",\"@graph\":[{\"@type\":\"Article\",\"@id\":\"https:\/\/les-roseaux.fr\/index.php\/2019\/10\/09\/en-bref-et-en-photos\/#article\",\"isPartOf\":{\"@id\":\"https:\/\/les-roseaux.fr\/index.php\/2019\/10\/09\/en-bref-et-en-photos\/\"},\"author\":{\"name\":\"J\u00e9r\u00f4me Moly\",\"@id\":\"https:\/\/les-roseaux.fr\/#\/schema\/person\/2507e3456361288fd21a03c91c56754c\"},\"headline\":\"En bref et en photos\",\"datePublished\":\"2019-10-09T07:19:24+00:00\",\"dateModified\":\"2019-10-17T08:08:38+00:00\",\"mainEntityOfPage\":{\"@id\":\"https:\/\/les-roseaux.fr\/index.php\/2019\/10\/09\/en-bref-et-en-photos\/\"},\"wordCount\":5,\"commentCount\":0,\"publisher\":{\"@id\":\"https:\/\/les-roseaux.fr\/#organization\"},\"image\":{\"@id\":\"https:\/\/les-roseaux.fr\/index.php\/2019\/10\/09\/en-bref-et-en-photos\/#primaryimage\"},\"thumbnailUrl\":\"https:\/\/les-roseaux.fr\/wp-content\/uploads\/2019\/10\/20191007_092101513_iOS-1024x768.jpg\",\"articleSection\":[\"Maternelles\"],\"inLanguage\":\"fr-FR\",\"potentialAction\":[{\"@type\":\"CommentAction\",\"name\":\"Comment\",\"target\":[\"https:\/\/les-roseaux.fr\/index.php\/2019\/10\/09\/en-bref-et-en-photos\/#respond\"]}]},{\"@type\":\"WebPage\",\"@id\":\"https:\/\/les-roseaux.fr\/index.php\/2019\/10\/09\/en-bref-et-en-photos\/\",\"url\":\"https:\/\/les-roseaux.fr\/index.php\/2019\/10\/09\/en-bref-et-en-photos\/\",\"name\":\"En bref et en photos - Les Roseaux\",\"isPartOf\":{\"@id\":\"https:\/\/les-roseaux.fr\/#website\"},\"primaryImageOfPage\":{\"@id\":\"https:\/\/les-roseaux.fr\/index.php\/2019\/10\/09\/en-bref-et-en-photos\/#primaryimage\"},\"image\":{\"@id\":\"https:\/\/les-roseaux.fr\/index.php\/2019\/10\/09\/en-bref-et-en-photos\/#primaryimage\"},\"thumbnailUrl\":\"https:\/\/les-roseaux.fr\/wp-content\/uploads\/2019\/10\/20191007_092101513_iOS-1024x768.jpg\",\"datePublished\":\"2019-10-09T07:19:24+00:00\",\"dateModified\":\"2019-10-17T08:08:38+00:00\",\"breadcrumb\":{\"@id\":\"https:\/\/les-roseaux.fr\/index.php\/2019\/10\/09\/en-bref-et-en-photos\/#breadcrumb\"},\"inLanguage\":\"fr-FR\",\"potentialAction\":[{\"@type\":\"ReadAction\",\"target\":[\"https:\/\/les-roseaux.fr\/index.php\/2019\/10\/09\/en-bref-et-en-photos\/\"]}]},{\"@type\":\"ImageObject\",\"inLanguage\":\"fr-FR\",\"@id\":\"https:\/\/les-roseaux.fr\/index.php\/2019\/10\/09\/en-bref-et-en-photos\/#primaryimage\",\"url\":\"https:\/\/les-roseaux.fr\/wp-content\/uploads\/2019\/10\/20191007_092101513_iOS-1024x768.jpg\",\"contentUrl\":\"https:\/\/les-roseaux.fr\/wp-content\/uploads\/2019\/10\/20191007_092101513_iOS-1024x768.jpg\"},{\"@type\":\"BreadcrumbList\",\"@id\":\"https:\/\/les-roseaux.fr\/index.php\/2019\/10\/09\/en-bref-et-en-photos\/#breadcrumb\",\"itemListElement\":[{\"@type\":\"ListItem\",\"position\":1,\"name\":\"Accueil\",\"item\":\"https:\/\/les-roseaux.fr\/\"},{\"@type\":\"ListItem\",\"position\":2,\"name\":\"En bref et en photos\"}]},{\"@type\":\"WebSite\",\"@id\":\"https:\/\/les-roseaux.fr\/#website\",\"url\":\"https:\/\/les-roseaux.fr\/\",\"name\":\"Les Roseaux\",\"description\":\"Ecole alternative d&#039;inspiration Montessori\",\"publisher\":{\"@id\":\"https:\/\/les-roseaux.fr\/#organization\"},\"potentialAction\":[{\"@type\":\"SearchAction\",\"target\":{\"@type\":\"EntryPoint\",\"urlTemplate\":\"https:\/\/les-roseaux.fr\/?s={search_term_string}\"},\"query-input\":{\"@type\":\"PropertyValueSpecification\",\"valueRequired\":true,\"valueName\":\"search_term_string\"}}],\"inLanguage\":\"fr-FR\"},{\"@type\":\"Organization\",\"@id\":\"https:\/\/les-roseaux.fr\/#organization\",\"name\":\"Les roseaux\",\"url\":\"https:\/\/les-roseaux.fr\/\",\"logo\":{\"@type\":\"ImageObject\",\"inLanguage\":\"fr-FR\",\"@id\":\"https:\/\/les-roseaux.fr\/#\/schema\/logo\/image\/\",\"url\":\"http:\/\/les-roseaux.fr\/wp-content\/uploads\/2024\/01\/logo.png\",\"contentUrl\":\"http:\/\/les-roseaux.fr\/wp-content\/uploads\/2024\/01\/logo.png\",\"width\":768,\"height\":388,\"caption\":\"Les roseaux\"},\"image\":{\"@id\":\"https:\/\/les-roseaux.fr\/#\/schema\/logo\/image\/\"},\"sameAs\":[\"https:\/\/www.facebook.com\/ecoleLesRoseaux\/\",\"https:\/\/www.instagram.com\/ecole_les_roseaux\"]},{\"@type\":\"Person\",\"@id\":\"https:\/\/les-roseaux.fr\/#\/schema\/person\/2507e3456361288fd21a03c91c56754c\",\"name\":\"J\u00e9r\u00f4me Moly\",\"image\":{\"@type\":\"ImageObject\",\"inLanguage\":\"fr-FR\",\"@id\":\"https:\/\/les-roseaux.fr\/#\/schema\/person\/image\/\",\"url\":\"https:\/\/secure.gravatar.com\/avatar\/447deda5c9660978369b5052c4144f0e?s=96&d=mm&r=g\",\"contentUrl\":\"https:\/\/secure.gravatar.com\/avatar\/447deda5c9660978369b5052c4144f0e?s=96&d=mm&r=g\",\"caption\":\"J\u00e9r\u00f4me Moly\"},\"description\":\"Papa de Violette, co-pr\u00e9sident, directeur adjoint b\u00e9n\u00e9vole, geek, et des fois je dors \ud83d\ude42\",\"sameAs\":[\"https:\/\/www.facebook.com\/jerome.moly\",\"https:\/\/www.linkedin.com\/in\/jmoly\/\",\"https:\/\/x.com\/https:\/\/twitter.com\/JeromeMoly\"],\"url\":\"https:\/\/les-roseaux.fr\/index.php\/author\/jerome\/\"}]}<\/script>\n<!-- \/ Yoast SEO plugin. -->","yoast_head_json":{"title":"En bref et en photos - Les Roseaux","robots":{"index":"index","follow":"follow","max-snippet":"max-snippet:-1","max-image-preview":"max-image-preview:large","max-video-preview":"max-video-preview:-1"},"canonical":"https:\/\/les-roseaux.fr\/index.php\/2019\/10\/09\/en-bref-et-en-photos\/","og_locale":"fr_FR","og_type":"article","og_title":"En bref et en photos - Les Roseaux","og_url":"https:\/\/les-roseaux.fr\/index.php\/2019\/10\/09\/en-bref-et-en-photos\/","og_site_name":"Les Roseaux","article_publisher":"https:\/\/www.facebook.com\/ecoleLesRoseaux\/","article_author":"https:\/\/www.facebook.com\/jerome.moly","article_published_time":"2019-10-09T07:19:24+00:00","article_modified_time":"2019-10-17T08:08:38+00:00","og_image":[{"url":"https:\/\/les-roseaux.fr\/wp-content\/uploads\/2019\/10\/20191007_092101513_iOS-1024x768.jpg"}],"author":"J\u00e9r\u00f4me Moly","twitter_card":"summary_large_image","twitter_creator":"@https:\/\/twitter.com\/JeromeMoly","twitter_misc":{"\u00c9crit par":"J\u00e9r\u00f4me Moly"},"schema":{"@context":"https:\/\/schema.org","@graph":[{"@type":"Article","@id":"https:\/\/les-roseaux.fr\/index.php\/2019\/10\/09\/en-bref-et-en-photos\/#article","isPartOf":{"@id":"https:\/\/les-roseaux.fr\/index.php\/2019\/10\/09\/en-bref-et-en-photos\/"},"author":{"name":"J\u00e9r\u00f4me Moly","@id":"https:\/\/les-roseaux.fr\/#\/schema\/person\/2507e3456361288fd21a03c91c56754c"},"headline":"En bref et en photos","datePublished":"2019-10-09T07:19:24+00:00","dateModified":"2019-10-17T08:08:38+00:00","mainEntityOfPage":{"@id":"https:\/\/les-roseaux.fr\/index.php\/2019\/10\/09\/en-bref-et-en-photos\/"},"wordCount":5,"commentCount":0,"publisher":{"@id":"https:\/\/les-roseaux.fr\/#organization"},"image":{"@id":"https:\/\/les-roseaux.fr\/index.php\/2019\/10\/09\/en-bref-et-en-photos\/#primaryimage"},"thumbnailUrl":"https:\/\/les-roseaux.fr\/wp-content\/uploads\/2019\/10\/20191007_092101513_iOS-1024x768.jpg","articleSection":["Maternelles"],"inLanguage":"fr-FR","potentialAction":[{"@type":"CommentAction","name":"Comment","target":["https:\/\/les-roseaux.fr\/index.php\/2019\/10\/09\/en-bref-et-en-photos\/#respond"]}]},{"@type":"WebPage","@id":"https:\/\/les-roseaux.fr\/index.php\/2019\/10\/09\/en-bref-et-en-photos\/","url":"https:\/\/les-roseaux.fr\/index.php\/2019\/10\/09\/en-bref-et-en-photos\/","name":"En bref et en photos - Les Roseaux","isPartOf":{"@id":"https:\/\/les-roseaux.fr\/#website"},"primaryImageOfPage":{"@id":"https:\/\/les-roseaux.fr\/index.php\/2019\/10\/09\/en-bref-et-en-photos\/#primaryimage"},"image":{"@id":"https:\/\/les-roseaux.fr\/index.php\/2019\/10\/09\/en-bref-et-en-photos\/#primaryimage"},"thumbnailUrl":"https:\/\/les-roseaux.fr\/wp-content\/uploads\/2019\/10\/20191007_092101513_iOS-1024x768.jpg","datePublished":"2019-10-09T07:19:24+00:00","dateModified":"2019-10-17T08:08:38+00:00","breadcrumb":{"@id":"https:\/\/les-roseaux.fr\/index.php\/2019\/10\/09\/en-bref-et-en-photos\/#breadcrumb"},"inLanguage":"fr-FR","potentialAction":[{"@type":"ReadAction","target":["https:\/\/les-roseaux.fr\/index.php\/2019\/10\/09\/en-bref-et-en-photos\/"]}]},{"@type":"ImageObject","inLanguage":"fr-FR","@id":"https:\/\/les-roseaux.fr\/index.php\/2019\/10\/09\/en-bref-et-en-photos\/#primaryimage","url":"https:\/\/les-roseaux.fr\/wp-content\/uploads\/2019\/10\/20191007_092101513_iOS-1024x768.jpg","contentUrl":"https:\/\/les-roseaux.fr\/wp-content\/uploads\/2019\/10\/20191007_092101513_iOS-1024x768.jpg"},{"@type":"BreadcrumbList","@id":"https:\/\/les-roseaux.fr\/index.php\/2019\/10\/09\/en-bref-et-en-photos\/#breadcrumb","itemListElement":[{"@type":"ListItem","position":1,"name":"Accueil","item":"https:\/\/les-roseaux.fr\/"},{"@type":"ListItem","position":2,"name":"En bref et en photos"}]},{"@type":"WebSite","@id":"https:\/\/les-roseaux.fr\/#website","url":"https:\/\/les-roseaux.fr\/","name":"Les Roseaux","description":"Ecole alternative d&#039;inspiration Montessori","publisher":{"@id":"https:\/\/les-roseaux.fr\/#organization"},"potentialAction":[{"@type":"SearchAction","target":{"@type":"EntryPoint","urlTemplate":"https:\/\/les-roseaux.fr\/?s={search_term_string}"},"query-input":{"@type":"PropertyValueSpecification","valueRequired":true,"valueName":"search_term_string"}}],"inLanguage":"fr-FR"},{"@type":"Organization","@id":"https:\/\/les-roseaux.fr\/#organization","name":"Les roseaux","url":"https:\/\/les-roseaux.fr\/","logo":{"@type":"ImageObject","inLanguage":"fr-FR","@id":"https:\/\/les-roseaux.fr\/#\/schema\/logo\/image\/","url":"http:\/\/les-roseaux.fr\/wp-content\/uploads\/2024\/01\/logo.png","contentUrl":"http:\/\/les-roseaux.fr\/wp-content\/uploads\/2024\/01\/logo.png","width":768,"height":388,"caption":"Les roseaux"},"image":{"@id":"https:\/\/les-roseaux.fr\/#\/schema\/logo\/image\/"},"sameAs":["https:\/\/www.facebook.com\/ecoleLesRoseaux\/","https:\/\/www.instagram.com\/ecole_les_roseaux"]},{"@type":"Person","@id":"https:\/\/les-roseaux.fr\/#\/schema\/person\/2507e3456361288fd21a03c91c56754c","name":"J\u00e9r\u00f4me Moly","image":{"@type":"ImageObject","inLanguage":"fr-FR","@id":"https:\/\/les-roseaux.fr\/#\/schema\/person\/image\/","url":"https:\/\/secure.gravatar.com\/avatar\/447deda5c9660978369b5052c4144f0e?s=96&d=mm&r=g","contentUrl":"https:\/\/secure.gravatar.com\/avatar\/447deda5c9660978369b5052c4144f0e?s=96&d=mm&r=g","caption":"J\u00e9r\u00f4me Moly"},"description":"Papa de Violette, co-pr\u00e9sident, directeur adjoint b\u00e9n\u00e9vole, geek, et des fois je dors \ud83d\ude42","sameAs":["https:\/\/www.facebook.com\/jerome.moly","https:\/\/www.linkedin.com\/in\/jmoly\/","https:\/\/x.com\/https:\/\/twitter.com\/JeromeMoly"],"url":"https:\/\/les-roseaux.fr\/index.php\/author\/jerome\/"}]}},"_links":{"self":[{"href":"https:\/\/les-roseaux.fr\/index.php\/wp-json\/wp\/v2\/posts\/258"}],"collection":[{"href":"https:\/\/les-roseaux.fr\/index.php\/wp-json\/wp\/v2\/posts"}],"about":[{"href":"https:\/\/les-roseaux.fr\/index.php\/wp-json\/wp\/v2\/types\/post"}],"author":[{"embeddable":true,"href":"https:\/\/les-roseaux.fr\/index.php\/wp-json\/wp\/v2\/users\/2"}],"replies":[{"embeddable":true,"href":"https:\/\/les-roseaux.fr\/index.php\/wp-json\/wp\/v2\/comments?post=258"}],"version-history":[{"count":2,"href":"https:\/\/les-roseaux.fr\/index.php\/wp-json\/wp\/v2\/posts\/258\/revisions"}],"predecessor-version":[{"id":264,"href":"https:\/\/les-roseaux.fr\/index.php\/wp-json\/wp\/v2\/posts\/258\/revisions\/264"}],"wp:featuredmedia":[{"embeddable":true,"href":"https:\/\/les-roseaux.fr\/index.php\/wp-json\/wp\/v2\/media\/260"}],"wp:attachment":[{"href":"https:\/\/les-roseaux.fr\/index.php\/wp-json\/wp\/v2\/media?parent=258"}],"wp:term":[{"taxonomy":"category","embeddable":true,"href":"https:\/\/les-roseaux.fr\/index.php\/wp-json\/wp\/v2\/categories?post=258"},{"taxonomy":"post_tag","embeddable":true,"href":"https:\/\/les-roseaux.fr\/index.php\/wp-json\/wp\/v2\/tags?post=258"}],"curies":[{"name":"wp","href":"https:\/\/api.w.org\/{rel}","templated":true}]}}